{"id":7690,"date":"2017-08-04T09:06:58","date_gmt":"2017-08-04T07:06:58","guid":{"rendered":"http:\/\/www.rockin-and-rollin.de\/wordpress\/?p=7690"},"modified":"2017-08-04T09:22:38","modified_gmt":"2017-08-04T07:22:38","slug":"janette-budtke-rocknroll-mit-herz","status":"publish","type":"post","link":"http:\/\/www.rockin-and-rollin.de\/wordpress\/janette-budtke-rocknroll-mit-herz\/","title":{"rendered":"Janette Budtke &#8211; Rock\u2019n\u2019Roll mit Herz"},"content":{"rendered":"<div id=\"pl-7690\"  class=\"panel-layout\" ><div id=\"pg-7690-0\"  class=\"panel-grid panel-no-style\" ><div id=\"pgc-7690-0-0\"  class=\"panel-grid-cell\" ><div id=\"panel-7690-0-0-0\" class=\"so-panel widget widget_sow-image panel-first-child panel-last-child\" data-index=\"0\" ><div\n\t\t\t\n\t\t\tclass=\"so-widget-sow-image so-widget-sow-image-default-8b5b6f678277-7690\"\n\t\t\t\n\t\t>\n\n<div class=\"sow-image-container\">\n\t\t<img loading=\"lazy\" decoding=\"async\" src=\"http:\/\/www.rockin-and-rollin.de\/wordpress\/wp-content\/uploads\/2017\/08\/1969385_674843962562551_254783166_n.jpg\" width=\"420\" height=\"302\" srcset=\"http:\/\/www.rockin-and-rollin.de\/wordpress\/wp-content\/uploads\/2017\/08\/1969385_674843962562551_254783166_n.jpg 420w, http:\/\/www.rockin-and-rollin.de\/wordpress\/wp-content\/uploads\/2017\/08\/1969385_674843962562551_254783166_n-300x216.jpg 300w\" sizes=\"(max-width: 420px) 100vw, 420px\" title=\"Janette Budtke\" alt=\"Janette Budtke\" \t\tclass=\"so-widget-image\"\/>\n\t<\/div>\n\n<\/div><\/div><\/div><div id=\"pgc-7690-0-1\"  class=\"panel-grid-cell\" ><div id=\"panel-7690-0-1-0\" class=\"so-panel widget widget_sow-editor panel-first-child panel-last-child\" data-index=\"1\" ><div\n\t\t\t\n\t\t\tclass=\"so-widget-sow-editor so-widget-sow-editor-base\"\n\t\t\t\n\t\t>\n<div class=\"siteorigin-widget-tinymce textwidget\">\n\t<blockquote>\n<p style=\"text-align: justify;\">Schon geraume Zeit sehe ich immer wieder, wie Janette mit kleinen und gro\u00dfen Aktionen und ganz viel Herz das Leben vieler Menschen wieder ein kleines St\u00fcck lebenswerter macht. Besonders Hilfe f\u00fcr die Obdachlosen ist ihr ein Herzenswunsch, und so f\u00e4hrt die selbstst\u00e4ndige Friseurmeisterin zwei- bis dreimal im Jahr in das Obdachlosenheim in Oranienburg und frisiert den Menschen die auf der Stra\u00dfe leben kostenlos die Haare, plauscht mit ihnen und nimmt sich Zeit f\u00fcr deren Gedanken und N\u00f6te. Zus\u00e4tzlich dazu unterst\u00fctzt sie die Obdachlosen mit sammeln von Sachspenden und der Hilfe bei dem Umgang mit Beh\u00f6rden. F\u00fcr ihre selbstloses Engagement wurde sie auch unter dem Motto \u201eMenschen 2016 \u2013 Stille Helden\u201c beim Stadtempfang in Hohen Neuendorf geehrt.<\/p>\n<\/blockquote>\n<\/div>\n<\/div><\/div><\/div><\/div><div id=\"pg-7690-1\"  class=\"panel-grid panel-no-style\" ><div id=\"pgc-7690-1-0\"  class=\"panel-grid-cell\" ><div id=\"panel-7690-1-0-0\" class=\"so-panel widget widget_sow-editor panel-first-child panel-last-child\" data-index=\"2\" ><div\n\t\t\t\n\t\t\tclass=\"so-widget-sow-editor so-widget-sow-editor-base\"\n\t\t\t\n\t\t><h3 class=\"widget-title\">Interview:<\/h3>\n<div class=\"siteorigin-widget-tinymce textwidget\">\n\t<p><strong>rockin and rollin: Janette, vielleicht f\u00fcr diejenigen die dich noch nicht kennen ein paar Worte zu dir und deiner Person?<\/strong><\/p>\n<p>Janette Budtke: Mein Name ist Janette Budtke, viele kennen mich unter Frl. Undiplomatisch. Ich bin 36 Jahre und alleinerziehende Mutter zweier Kinder (2J. & 9J.) Friseurmeisterin und seit mehr als 10 Jahren selbstst\u00e4ndig mit \u201eFoenix Haarsysteme\u201c, ehrenamtlich engagiere ich mich seit mehr als 6 Jahren, seit 2016 gibt es die \u201eCharity Banditen\u201c.<\/p>\n<p><strong>rockin and rollin: Eine Frage, welche ich immer wieder gerne stelle da ich die Vorgeschichten einfach so vielf\u00e4ltig und sch\u00f6n finde, wie bist du zum \u00bbRock\u2019n\u2019Roll\u00ab gekommen und was bedeutet er f\u00fcr dich?<\/strong><\/p>\n<p>Janette Budtke: Rock\u00b4n\u00b4Roll ist eine Musikrichtung \u00e4hnlich wie die Bezeichnung Rockabilly und vorrangig erstmal nix anderes. Jeder definiert es f\u00fcr sich anders und durchaus auch mal neu. Leider haben wir derzeit eine inflation\u00e4re Situation bezogen auf \u201eErkennungsmerkmale\u201c wie Kirschen, P\u00fcnktchen und unn\u00fctzen Kram, was sich leider auch im Verhalten vieler Wochenend-Rock`n`Roller widerspiegelt. Es wird sich verkleidet, weil es gerade modern erscheint, trotzdem bleibt f\u00fcr mich der Rock`n`Roll \u00fcber die Liebe zur Musik hinaus eben ein Lebensgef\u00fchl f\u00fcrs Ganze was sich auch in der Wahl meines Autos, ich fahre eine wundersch\u00f6nen Lincoln Continental BJ. 69, niederschl\u00e4gt. Man distanziert somit automatisch vom \u201eau\u00dfen HUI und innen PFUI\u201c wo nur der Schein z\u00e4hlt, daher kann auch bei mir der rebellische Aspekt hinzugezogen werden, der f\u00fcr die damalige Jugend typisch war, denn ich distanziere mich eben gerne deutlich und auch LAUT vom Mainstream und der \u201eSzene-Polizei der Hobby \u2013 Rock`n`Roller\". HERZBLUT oder gar nicht ist wie in allen meinen Lebensbereichen meine Devise. Und das bereits seit meiner fr\u00fchen Kindheit.<\/p>\n<p><strong>rockin and rollin: Ich werfe mal ein paar Worte in den Raum: \u00bbFriseurmeisterin\u00ab \u00bbInhaberin von Foenix Haarsysteme\u00ab, \u00bbBerlin Fashion Week\u00ab, \u00bbTop Stylistin\u00ab. Dazu noch Familie, Haus und Kinder. Du liebst schon die Herausforderungen und gehst deinen Weg. Und dennoch findest du Zeit f\u00fcr die Sachen, die dir wirklich am Herzen liegen, um anderen zu helfen und die f\u00fcr Menschen, die dir wichtig sind. Organisationstalent, oder wie schaffst du das alles? Und bleibt noch Zeit zum Durchatmen?<\/strong><\/p>\n<p>Janette Budtke: Tats\u00e4chlich kann eben trotz viel Organisation das Wissen darum helfen zu k\u00f6nnen auch eine Art von Durchatmen darstellen. Das wirkliche Durchatmen allerdings kommt je nach anstehenden Aktionen schon mal etwas kurz, was aber durch den Erfolg auch wieder wettgemacht wird. Durch meine Familie und meinen Freundeskreis kann ich mir auch meine Zeit f\u00fcr Haus und Kinder schaffen, so dass zum Schluss doch wieder alles unter einen Hut zu bringen war, auch wenn es nicht immer im Vorfeld danach ausgesehen hat.<br \/>\nBesonders eben der Bereich \u00bbTop Stylistin\u00ab (wobei das fast nur nach Glamour klingt) bzw. eben die Foenix Haarsysteme sind keine typischen Dienstleistungen, sondern gerade auch da ist einer der wichtigen Bestandteile eben das Helfen und gl\u00fccklich machen der Menschen, die mehr als nur einen neuen Haarschnitt ben\u00f6tigen. Der Haarverlust unter denen heutzutage bereits recht junge Menschen leiden, denen mit einem Haarersatz oder Haarwachstumsprodukten zu helfen und Ihnen zu neuem Selbstbewusstsein, bzw. neuem Lebensgef\u00fchl zu verhelfen bringt mir selbst ja auch viel Freude.  Mein Talent liegt vielleicht im Animieren, denn viele Leute sind begeistert zu h\u00f6ren, durch was man alles helfen kann und sind durchaus dankbar daf\u00fcr so auch Wege zu finden selber aktiv werden zu k\u00f6nnen. Die Zahl meiner Helfer steigt stetig und bereits jetzt habe ich einen festen treuen Stamm an Freunden die nicht wissen wollen was getan werden muss, sondern nur noch fragen \u00bb<strong>wann und wo<\/strong>\u00ab. <\/p>\n<p><strong>rockin and rollin: Janette, ich finde deine Idee direkt zu den Obdachlosen zu gehen und ihnen mit deinen Mitteln einen ganz besonderen Moment zu geben, einfach gro\u00dfartig. Wie kam es eigentlich zu dieser Idee?<\/strong><\/p>\n<p>Janette Budtke: Die Idee kam auch relativ fr\u00fch, jedoch die Umsetzung dauert auch bei mir etwas, Vorurteile waren bei mir auch erstmal die innerliche Bremse, bzw. auch die Frage an wen wende ich mich. So viele verschiedene Obdachlosenheime es gibt, so unterschiedlich sind sie strukturiert. Was aber h\u00e4ufig fehlt, sind eben die besonderen Momente, wo es nicht rein um Nahrung, Kleidung oder Obdach geht, sondern um den einzelnen Menschen und das Ziel, das er sich als wertvoll erachten kann und trotz der Umst\u00e4nde seine W\u00fcrde behalten kann. Dazu z\u00e4hlt unter anderem auch die Aktion kostenlos im Obdachlosenheim dem \u00bbBad Hair Day\u00ab entgegen zu wirken was f\u00fcr die Beteiligten auf beiden Seiten ein sch\u00f6ner Moment ist. Mich z.B. erdet dieser Moment sehr, zu wertsch\u00e4tzen, was man hat. Auch wird sehr schnell geurteilt \u00fcber Menschen, die in einer sehr schwierigen Lebenssituation leben und man versagt Ihnen den Wunsch nach allem was \u00fcber die Notverpflegung hinausgehen w\u00fcrde, da diese Menschen ja keinerlei Anspr\u00fcche haben d\u00fcrfen. Besonders da ist es sch\u00f6n den Leuten entsprechend ihrer individuellen Bed\u00fcrfnisse den ein oder anderen kleinen Wunsch zu erf\u00fcllen. <\/p>\n<p><strong>rockin and rollin: Wie ist die Resonanz der Obdachlosen auf deine Aktionen?<\/strong><\/p>\n<p>Janette Budtke: So viel Dankbarkeit & ein Leuchten in den Augen sagt da mehr als tausend Worte.<\/p>\n<p><strong>rockin and rollin: Ich denke, es gibt sicherlich einige deiner Berufskollegen, welche diese Idee gerne aufgreifen und unterst\u00fctzen m\u00f6chten. In welcher Weise k\u00f6nnen sie oder auch andere Menschen dein Projekt unterst\u00fctzen?<\/strong><\/p>\n<p>Janette Budtke: Grunds\u00e4tzlich kann jeder der Interesse hat mich begleiten an dem Tag. \u00dcberregional: WER WIRKLICH HELFEN WILL KANN SICH AKTIV IN SEINER REGION KUNDIG MACHEN UND SICH MIT ANDEREN ORGANISATIONEN ODER HEIMEN IN VERBINDUNG SETZEN. OFTMALS ST\u00d6SST MAN DORT AUF TAUBE OHREN, WEIL EINIGE DER MITARBEITER INZWISCHEN BERUFSBLIND GEWORDEN SIND. DA MUSS MAN AUCH ETWAS EHRGEIZ REINSTECKEN UND WAS ERREICHEN ZU K\u00d6NNEN.<\/p>\n<\/div>\n<\/div><\/div><\/div><\/div><div id=\"pg-7690-2\"  class=\"panel-grid panel-no-style\" ><div id=\"pgc-7690-2-0\"  class=\"panel-grid-cell\" ><div id=\"panel-7690-2-0-0\" class=\"so-panel widget widget_sow-image panel-first-child panel-last-child\" data-index=\"3\" ><div\n\t\t\t\n\t\t\tclass=\"so-widget-sow-image so-widget-sow-image-default-8b5b6f678277-7690\"\n\t\t\t\n\t\t>\n\n<div class=\"sow-image-container\">\n\t\t<img loading=\"lazy\" decoding=\"async\" src=\"http:\/\/www.rockin-and-rollin.de\/wordpress\/wp-content\/uploads\/2017\/08\/Flyer-neu-vor.jpg\" width=\"720\" height=\"960\" srcset=\"http:\/\/www.rockin-and-rollin.de\/wordpress\/wp-content\/uploads\/2017\/08\/Flyer-neu-vor.jpg 720w, http:\/\/www.rockin-and-rollin.de\/wordpress\/wp-content\/uploads\/2017\/08\/Flyer-neu-vor-225x300.jpg 225w\" sizes=\"(max-width: 720px) 100vw, 720px\" title=\"Charity Banditen\" alt=\"Charity Banditen\" \t\tclass=\"so-widget-image\"\/>\n\t<\/div>\n\n<\/div><\/div><\/div><div id=\"pgc-7690-2-1\"  class=\"panel-grid-cell\" ><div id=\"panel-7690-2-1-0\" class=\"so-panel widget widget_sow-editor panel-first-child panel-last-child\" data-index=\"4\" ><div\n\t\t\t\n\t\t\tclass=\"so-widget-sow-editor so-widget-sow-editor-base\"\n\t\t\t\n\t\t>\n<div class=\"siteorigin-widget-tinymce textwidget\">\n\t<p><strong>rockin and rollin: Janette, du hast mit einigen anderen auch noch ein weiteres Projekt auf die Beine gestellt, die \u00bbCharity Banditen\u00ab. Wer oder was sind die \u00bbCharity Banditen\u00ab und um was geht es euch?<\/strong><\/p>\n<p>Janette Budtke: Die Charity Banditen sind eine private Gemeinschaft von Menschen, denen die Welt nicht gut genug ist und die Grenzen als Startlinie betrachten. Unsere Initiativen geben Projekten wohlt\u00e4tiger Vereine und Organisationen Geleitschutz und helfen ihnen, Barrikaden zu \u00fcberwinden. Wir geben jedem der einzeln helfen will die ben\u00f6tigten Informationen und zeigen Wege auf dies zu realisieren oder man schlie\u00dft sich der Gruppe als Gemeinschaft an und beteiligt sich mit Geld- oder Sachspenden.<br \/>\nOb es nun ein gro\u00dfes Fotoshooting war f\u00fcr einen Kalender (auch im Namen \/ Stil des Rock\u2019n\u2019Roll) was auf die Beine gestellt wurde, um die Erl\u00f6se aus dessen Verkauf spenden zu k\u00f6nnen, oder aber die Aufrufe f\u00fcr Sachspenden, das Organisieren der Transporte an die richtigen Orte... Der T\u00e4tigkeitsradius ist gro\u00df und die Zahl unserer UNTERST\u00dcTZER w\u00e4chst stetig, da man sich darauf verlassen kann, dass alles zu 100% den richtigen Leuten zukommt.  F\u00fcr den 19. 11. 2017 planen wir was ganz besonderes und auch gr\u00f6\u00dferes - ein gemeinsames Fest f\u00fcr Obdachlose, von Armut Betroffene (Rentner, Familien, Kinder), Wohnungslose und auch Gefl\u00fcchtete. \u201eEin Zeichen des Miteinanders\u201c<\/p>\n<\/div>\n<\/div><\/div><\/div><\/div><div id=\"pg-7690-3\"  class=\"panel-grid panel-no-style\" ><div id=\"pgc-7690-3-0\"  class=\"panel-grid-cell\" ><div id=\"panel-7690-3-0-0\" class=\"so-panel widget widget_sow-editor panel-first-child\" data-index=\"5\" ><div\n\t\t\t\n\t\t\tclass=\"so-widget-sow-editor so-widget-sow-editor-base\"\n\t\t\t\n\t\t>\n<div class=\"siteorigin-widget-tinymce textwidget\">\n\t<p><strong>rockin and rollin: Kann bei \u00bbCharity Banditen\u00ab jeder mithelfen, und wenn ja wie? Und wo findet man etwas \u00fcber eure aktuellen Aktionen?<\/strong><\/p>\n<p>Janette Budtke: Ja nat\u00fcrlich ist jeder der mithelfen m\u00f6chte HERZLICH WILLKOMMEN und unbedingt sehr gerne. Aktuelle Infos: <a href=\"http:\/\/charity-banditen.de.tl\/\" target=\"_blank\" rel=\"noopener\">charity-banditen.de.tl<\/a> oder auf <a href=\"https:\/\/www.facebook.com\/Charity-Banditen-1867260173515062\/\" target=\"_blank\" rel=\"noopener\">Facebook<\/a>.<\/p>\n<p><strong>rockin and rollin: Du wurdest beim Stadtempfang in Hohen Neuendorf f\u00fcr dein ehrenamtliches Engagement geehrt. Wie war das f\u00fcr dich?<\/strong><\/p>\n<p>Janette Budtke: Es war mir eine Ehre und zugleich auch etwas unangenehm weil mir doch so viele Leute dabei geholfen meine Ideen umzusetzen und sich engagiert haben und ich nun alleine diesen Preis bekam. Die \u00f6ffentliche Resonanz allerdings war enorm, da immer zu h\u00f6ren war, dass es ohne das \u00bbLeit-Tierchen\u00ab-Janette auch nie zu so viel Engagement gekommen w\u00e4re. Da f\u00fchlte es sich dann f\u00fcr mich an, als h\u00e4tte ich 2 Ehrungen bekommen.<\/p>\n<p><strong>rockin and rollin: Auszeichnungen sind sicherlich eine sehr sch\u00f6ne Sache. Mit direkter Hilfe ist aber oft mehr Effektivit\u00e4t zu erreichen als mit lieben Worten. Fehlt aus deiner Sicht vielfach die direkte Hilfe des Staates f\u00fcr die hilfsbed\u00fcrftigen Menschen in unserem Land?<\/strong><\/p>\n<p>Janette Budtke: Dazu ein Eindeutiges JA, sicherlich wird viel gemacht, es sind Angebote da, aber f\u00fcr die Betroffenen ist es oftmals sehr schwer sich ALLEIN zu bewegen, eine helfende Hand ist gut, denn oftmals haben diese Menschen psychologisch & Suchtprobleme die Sie allein nicht bew\u00e4ltigen k\u00f6nnen. Es fehlt an VOR- & NACHSORGE die diese Menschen ben\u00f6tigen. Die Politiker r\u00fchmen sich, wie Reich dieses Land w\u00e4re, sicherlich und trotzdem schauen Sie weg, wenn es um \u201eeinen geringen Anteil\u201c geht, f\u00fcr jemanden der gerade aus dem sozialen Leben abgerutscht ist. \ud83d\ude41<\/p>\n<p><strong>rockin and rollin: Wo und wie k\u00f6nnte aus deiner Sicht mit einfachen Mitteln effektiv geholfen werden?<\/strong><\/p>\n<p>Janette Budtke: Kurzfristig: Sozialarbeiter, mobile Einzelhilfen, medizinische Hilfen. Langfristig: sozialer Wohnbau, Einrichtungen Wohngruppen, Arbeit im Sinne von erst einmal wieder eingliedern mir fallen da viele Sachen ein.<\/p>\n<p><strong>rockin and rollin: Janette, du engagierst dich aber nicht nur sozial, sondern auch im Bereich \u00bbRock\u2019n\u2019Roll\u00ab. So wie z.B. mit dem \u00bbRock im Hirsch\u00ab in Hohen Neuendorf. Wie kam es zu der Idee zu dieser mittlerweile regelm\u00e4\u00dfigen Veranstaltung?<\/strong><\/p>\n<p>Janette Budtke: Grunds\u00e4tzlich war es eine Couchidee, von Antonia Ribbe und mir. Wir sa\u00dfen bei mir und ich hatte keine Lust ins Auto zu steigen, um zur Veranstaltung zu fahren. Wir sagten, so jetzt eine Party hier in der N\u00e4he w\u00e4re echt ein Traum, naja somit war der Gedanke da. Die Umsetzung mit dem Hotel & Landgasthaus \u00bbWeissen Hirsch\u00ab war somit ins Rollen gebracht. Thomas Fluch und Grit Weissenborn gaben mir schon ziemlich freie Hand in der Organisation und hatten vertrauen. Vielen Veranstaltungen fehlt das Herz und G\u00e4ste werden eben als zahlende Kundschaft empfunden, dies sollte bei unserer Veranstaltung anders sein. Also dachten wir uns alle \u00bbWarum nicht?\u201c<\/p>\n<p><strong>rockin and rollin: Wie war den so die Resonanz auf die ersten Veranstaltungen?<\/strong><\/p>\n<p>Janette Budtke: Auch wenn die Redensart \u00bbAller Anfang ist schwer\u00ab nicht ganz falsch ist, so hatten wir einen fantastischen Start und konnten uns trotzdem von Mal zu Mal steigern. Auch hier ist es ein harter Kern, der mir zur Seite steht, sowohl an Helfern \/ Beteiligten als auch einer Fangemeinde, die sich jetzt schon die Daten bis Februar 2020 in den Kalender eingetragen haben, weil es einfach eine feste Gr\u00f6\u00dfe in den Rock\u2019n\u2019Roll Veranstaltungen geworden ist.<\/p>\n<p><strong>rockin and rollin: Was erwartet einen beim n\u00e4chsten \u00bbRock im Hirsch\u00ab und wann findet es statt?<\/strong><\/p>\n<p>Janette Budtke: Der Buschfunkt sagt, wir trauen uns mal \u00fcber die Landesgrenzen hinaus und haben etwas umstrukturiert. Djane bleibt nat\u00fcrlich unsere Manu Tanzratte, Live: Jedoch haben wir das Programm ge\u00e4ndert. Es werden die \u00bbSkinny-Teens\u00ab (DE) spielen und \u00bbVince & The Sun Boppers\u00ab (IT). Wor\u00fcber ich mich sehr freue. Auch im Raum Luise wird sich ein zwar nicht neuer, jedoch f\u00fcr viele bekannter H\u00e4ndler pr\u00e4sentieren. <a href=\"https:\/\/www.facebook.com\/subkultur.magdeburg\/?ref=br_rs\" target=\"_blank\" rel=\"noopener\">SubKultur<\/a><br \/> Vorverkaufstickets: <a href=\"https:\/\/www.tixforgigs.com\/site\/Pages\/Shop\/ShowEvent.aspx?ID=19283\" target=\"_blank\" rel=\"noopener\">TixforGigs<\/a><br \/> Tanzworkshop \u00bbRockabilly Jive\u00ab findet von 15:30-17:30 statt<br \/> Anmeldung ZUM TANZWORKSHOP 2018 unter: manu-tanzratte(at)hotmail.de<\/p>\n<p><strong>rockin and rollin: Janette, dein Herzenswunsch f\u00fcr das Restliche 2017?<\/strong><\/p>\n<p>Janette Budtke: Grunds\u00e4tzlich w\u00fcnsche ich mir nicht nur f\u00fcr 2017 grunds\u00e4tzlich gesund zu bleiben. Aber eben auch, dass Menschen wieder achtsamer mit Ihren Mitmenschen umgehen. Und da meine ich nicht nur der Umgang mit Obdachlosen, auch eben mal der \u201eOMA Laschke\u201c von nebenan die Einkaufst\u00fcte nach Hause zu tragen. Sch\u00f6n w\u00e4re auch das Ablegen dieser verdammten oft nervenden Stutenbissigkeit, die sich ja auch in der Szene sehr breitgemacht hat, durch einige Menschen, die sich Ihrem \u201eSelbstdarstellernarzissmus\u201c hingeben.<\/p>\n<\/div>\n<\/div><\/div><div id=\"panel-7690-3-0-1\" class=\"so-panel widget panel-last-child\" data-index=\"6\" ><\/div><\/div><\/div><\/div>","protected":false},"excerpt":{"rendered":"<p>Schon geraume Zeit sehe ich immer wieder, wie Janette mit kleinen und gro\u00dfen Aktionen und ganz viel Herz das Leben vieler Menschen wieder ein kleines St\u00fcck lebenswerter macht. Besonders Hilfe f\u00fcr die Obdachlosen ist ihr ein Herzenswunsch, und so f\u00e4hrt die selbstst\u00e4ndige Friseurmeisterin zwei- bis dreimal im Jahr in das Obdachlosenheim in Oranienburg und frisiert den Menschen die auf der Stra\u00dfe leben kostenlos die Haare, plauscht mit ihnen und nimmt sich Zeit f\u00fcr deren Gedanken und N\u00f6te. Zus\u00e4tzlich dazu unterst\u00fctzt sie die Obdachlosen mit sammeln von Sachspenden und der Hilfe bei dem Umgang mit Beh\u00f6rden. F\u00fcr ihre selbstloses Engagement wurde sie auch unter dem Motto \u201eMenschen 2016 \u2013 Stille Helden\u201c beim Stadtempfang in Hohen Neuendorf geehrt.<\/p>\n","protected":false},"author":1,"featured_media":7711,"comment_status":"open","ping_status":"open","sticky":false,"template":"","format":"standard","meta":{"_acf_changed":false,"episode_type":"","audio_file":"","cover_image":"","cover_image_id":"","duration":"","filesize":"","date_recorded":"","explicit":"","block":"","filesize_raw":"","footnotes":""},"categories":[16,8],"tags":[448],"acf":[],"_links":{"self":[{"href":"http:\/\/www.rockin-and-rollin.de\/wordpress\/wp-json\/wp\/v2\/posts\/7690"}],"collection":[{"href":"http:\/\/www.rockin-and-rollin.de\/wordpress\/wp-json\/wp\/v2\/posts"}],"about":[{"href":"http:\/\/www.rockin-and-rollin.de\/wordpress\/wp-json\/wp\/v2\/types\/post"}],"author":[{"embeddable":true,"href":"http:\/\/www.rockin-and-rollin.de\/wordpress\/wp-json\/wp\/v2\/users\/1"}],"replies":[{"embeddable":true,"href":"http:\/\/www.rockin-and-rollin.de\/wordpress\/wp-json\/wp\/v2\/comments?post=7690"}],"version-history":[{"count":30,"href":"http:\/\/www.rockin-and-rollin.de\/wordpress\/wp-json\/wp\/v2\/posts\/7690\/revisions"}],"predecessor-version":[{"id":7730,"href":"http:\/\/www.rockin-and-rollin.de\/wordpress\/wp-json\/wp\/v2\/posts\/7690\/revisions\/7730"}],"wp:featuredmedia":[{"embeddable":true,"href":"http:\/\/www.rockin-and-rollin.de\/wordpress\/wp-json\/wp\/v2\/media\/7711"}],"wp:attachment":[{"href":"http:\/\/www.rockin-and-rollin.de\/wordpress\/wp-json\/wp\/v2\/media?parent=7690"}],"wp:term":[{"taxonomy":"category","embeddable":true,"href":"http:\/\/www.rockin-and-rollin.de\/wordpress\/wp-json\/wp\/v2\/categories?post=7690"},{"taxonomy":"post_tag","embeddable":true,"href":"http:\/\/www.rockin-and-rollin.de\/wordpress\/wp-json\/wp\/v2\/tags?post=7690"}],"curies":[{"name":"wp","href":"https:\/\/api.w.org\/{rel}","templated":true}]}}