{"id":2829,"date":"2016-12-15T01:53:16","date_gmt":"2016-12-15T00:53:16","guid":{"rendered":"http:\/\/www.rockin-and-rollin.de\/wordpress\/?p=2829"},"modified":"2017-04-14T00:43:35","modified_gmt":"2017-04-13T22:43:35","slug":"im-labyrinth-des-schweigens","status":"publish","type":"post","link":"http:\/\/www.rockin-and-rollin.de\/wordpress\/im-labyrinth-des-schweigens\/","title":{"rendered":"Filmkritik: Im Labyrinth des Schweigens"},"content":{"rendered":"<div id=\"pl-2829\"  class=\"panel-layout\" ><div id=\"pg-2829-0\"  class=\"panel-grid panel-no-style\" ><div id=\"pgc-2829-0-0\"  class=\"panel-grid-cell\" ><div id=\"panel-2829-0-0-0\" class=\"so-panel widget widget_text panel-first-child panel-last-child\" data-index=\"0\" >\t\t\t<div class=\"textwidget\"><blockquote><p style=\"text-align: justify;\">\u00bbIm Labyrinth des Schweigens\u00ab basiert auf wahren Begebenheiten der deutschen Nachkriegszeit und kann mit seinen kleinen Nuancen und erhaltendem Gleichgewicht zwischen Dialog, Emotion und Lebensgef\u00fchl \u00fcberzeugen. Erst sanft, aber dann immer intensiver und eindringlicher zieht der Film den Zuschauer in die Wechselwirkung zwischen Vergangenheit, Gegenwart und m\u00f6glicher Zukunft der deutschen Geschichte. <\/p><\/blockquote><\/div>\n\t\t<\/div><\/div><\/div><div id=\"pg-2829-1\"  class=\"panel-grid panel-no-style\" ><div id=\"pgc-2829-1-0\"  class=\"panel-grid-cell\" ><div id=\"panel-2829-1-0-0\" class=\"so-panel widget widget_sow-image panel-first-child\" data-index=\"1\" ><div\n\t\t\t\n\t\t\tclass=\"so-widget-sow-image so-widget-sow-image-default-c67d20f9f743-2829\"\n\t\t\t\n\t\t>\n\n<div class=\"sow-image-container\">\n\t\t<img loading=\"lazy\" decoding=\"async\" src=\"http:\/\/www.rockin-and-rollin.de\/wordpress\/wp-content\/uploads\/2016\/12\/labyrinth-schweigens.jpg\" width=\"1053\" height=\"1500\" srcset=\"http:\/\/www.rockin-and-rollin.de\/wordpress\/wp-content\/uploads\/2016\/12\/labyrinth-schweigens.jpg 1053w, http:\/\/www.rockin-and-rollin.de\/wordpress\/wp-content\/uploads\/2016\/12\/labyrinth-schweigens-211x300.jpg 211w, http:\/\/www.rockin-and-rollin.de\/wordpress\/wp-content\/uploads\/2016\/12\/labyrinth-schweigens-768x1094.jpg 768w, http:\/\/www.rockin-and-rollin.de\/wordpress\/wp-content\/uploads\/2016\/12\/labyrinth-schweigens-719x1024.jpg 719w\" sizes=\"(max-width: 1053px) 100vw, 1053px\" alt=\"\" \t\tclass=\"so-widget-image\"\/>\n\t<\/div>\n\n<\/div><\/div><div id=\"panel-2829-1-0-1\" class=\"so-panel widget widget_text\" data-index=\"2\" ><h3 class=\"widget-title\">Im Labyrinth des Schweigens<\/h3>\t\t\t<div class=\"textwidget\"><p>Originaltitel: Im Labyrinth des Schweigens<br \/>\nHerstellungsland: Deutschland<br \/>\nErscheinungsjahr: 2015<br \/>\nFSK: Freigegeben ab 12 Jahren<br \/>\nDVD<br \/>\n<b>erh\u00e4ltlich bei: <a href=\"http:\/\/amzn.to\/2h27wrq\" target=\"_blank\" rel=\"noopener\">Amazon<\/a><\/b><\/p>\n<\/div>\n\t\t<\/div><div id=\"panel-2829-1-0-2\" class=\"so-panel widget panel-last-child\" data-index=\"3\" ><\/div><\/div><div id=\"pgc-2829-1-1\"  class=\"panel-grid-cell\" ><div id=\"panel-2829-1-1-0\" class=\"so-panel widget widget_text panel-first-child panel-last-child\" data-index=\"4\" ><h3 class=\"widget-title\">Filmkritik von Chris Weidler<\/h3>\t\t\t<div class=\"textwidget\"><p style=\"text-align: justify;\">\nInhaltsangabe:<br \/>\nJohann Radmann (Alexander Fehling) ist seit kurzem Staatsanwalt und muss sich wie alle Neulinge um Verkehrsdelikte k\u00fcmmern. Als der Journalist Thomas Gnielka (Andr\u00e9 Szymanski) im Gerichtsgeb\u00e4ude f\u00fcr Aufruhr sorgt, wird er hellh\u00f6rig: Ein Freund Gnielkas hat einen Lehrer als ehemaligen Auschwitz-W\u00e4rter erkannt, doch niemand will seine Anzeige aufnehmen. Gegen den Willen seiner direkten Vorgesetzten beginnt Radmann sich mit dem Fall zu besch\u00e4ftigen \u2013 und st\u00f6\u00dft auf ein Geflecht aus Verdr\u00e4ngung, Verleugnung und Verkl\u00e4rung. Von \u201eAuschwitz\u201c haben in diesen Jahren die einen nie geh\u00f6rt, und die anderen wollen es so schnell wie m\u00f6glich vergessen. Nur Generalstaatsanwalt Fritz Bauer (Gert Voss) unterst\u00fctzt seine Neugier, er selbst m\u00f6chte die dort begangenen Verbrechen seit Langem an die \u00d6ffentlichkeit bringen, f\u00fcr eine Anklage fehlen ihm jedoch die Beweise. Als Johann Radmann und Thomas Gnielka Unterlagen finden, die zu den T\u00e4tern f\u00fchren, erkennt Bauer sofort deren Brisanz \u2013 und beauftragt Radmann offiziell mit der Leitung weiterer Ermittlungen. Der st\u00fcrzt sich nun vollends in seine neue Aufgabe und setzt alles daran, herauszufinden, was damals wirklich passiert ist. Er befragt Zeugen, durchforstet Akten, sichert Beweise und l\u00e4sst sich so sehr in den Fall hineinziehen, dass er f\u00fcr alles andere blind wird \u2013 selbst f\u00fcr Marlene Wondrak (Friederike Becht), in die er sich gerade erst Hals \u00fcber Kopf verliebt hat. Johann Radmann \u00fcberschreitet Kompetenzen, \u00fcberwirft sich mit Freunden, Kollegen und Verb\u00fcndeten und ger\u00e4t auf seiner Suche nach der Wahrheit immer tiefer in ein Labyrinth aus Schuld und L\u00fcgen. Doch was er schlie\u00dflich ans Licht bringt, wird das Land f\u00fcr immer ver\u00e4ndern ...\n<\/p>\n<p style=\"text-align: justify;\">\n1958 , Deutschland in der Nachkriegszeit, Rock\u2019n\u2019Roll, versinken in babyblau und heiler Welt. Die Gesellschaft hat sich neu arrangiert, Aufbruch ist angesagt und das Volk strotzt vor Energie und Tatendrang! Doch die heile Welt ist br\u00fcchig und vielfach nur oberfl\u00e4chlich. Staatsanwalt Johann Radmann (Alexander Fehling) st\u00f6\u00dft auf ein anderes Deutschland, das Deutschland des Schweigens, Verdr\u00e4ngen und Vergessen. Ausschwitz ist nur Propaganda der Siegerm\u00e4chte - ein scheinbar leichter Weg, aber der verkehrte Weg. Staatsanwalt Radmann m\u00f6chte den Weg der Wahrheit gehen und deckt nach und nach immer tiefere und unglaublichere Schichten der deutschen Geschichte auf.<br \/>\n\u00bbIm Labyrinth des Schweigens\u00ab basiert auf wahren Begebenheiten der deutschen Nachkriegszeit und kann mit seinen kleinen Nuancen und erhaltendem Gleichgewicht zwischen Dialog, Emotion und Lebensgef\u00fchl \u00fcberzeugen. Erst sanft, aber dann immer intensiver und eindringlicher zieht der Film den Zuschauer in die Wechselwirkung zwischen Vergangenheit, Gegenwart und m\u00f6glicher Zukunft der deutschen Geschichte. Kaum einer ist so \u00bbunbescholten\u00ab, wie es erst scheint und das breitgef\u00e4cherte Unwissen \u00fcber die Taten von Auschwitz gelangt immer mehr in Schwanken. Gerade diese Aspekte in Zusammenhang mit dem Weg von Staatsanwalt Radmann von Erkenntnis \u00fcber Wissen bis ungl\u00e4ubigen Glauben und der f\u00fcr ihn endg\u00fcltig notwendigen Konsequenz geben dem Film die notwendige Wirkung. Dazu die gelungene schauspielerische Leistung von Alexander Fehling, Friederike Becht und Gert Voss geben dem Film die perfekte Abrundung. Wer einmal ein wenig mehr deutsche Geschichte als \u00bbAufbruch\u00ab, \u00bbMilchbar\u00ab und \u00bbRock\u2019n\u2019Roll\u00ab sehen m\u00f6chte, der ist mit dem Film \u00bbIm Labyrinth des Schweigens\u00ab mehr als perfekt bedient!\n  <\/p>\n<\/div>\n\t\t<\/div><\/div><\/div><\/div>","protected":false},"excerpt":{"rendered":"<p>\u00bbIm Labyrinth des Schweigens\u00ab basiert auf wahren Begebenheiten der deutschen Nachkriegszeit und kann mit seinen kleinen Nuancen und erhaltendem Gleichgewicht zwischen Dialog, Emotion und Lebensgef\u00fchl \u00fcberzeugen. Erst sanft, aber dann immer intensiver und eindringlicher zieht der Film den Zuschauer in die Wechselwirkung zwischen Vergangenheit, Gegenwart und m\u00f6glicher Zukunft der deutschen Geschichte. <\/p>\n","protected":false},"author":1,"featured_media":2830,"comment_status":"open","ping_status":"open","sticky":false,"template":"","format":"standard","meta":{"_acf_changed":false,"episode_type":"","audio_file":"","cover_image":"","cover_image_id":"","duration":"","filesize":"","date_recorded":"","explicit":"","block":"","filesize_raw":"","footnotes":""},"categories":[52,406,12],"tags":[401],"acf":[],"_links":{"self":[{"href":"http:\/\/www.rockin-and-rollin.de\/wordpress\/wp-json\/wp\/v2\/posts\/2829"}],"collection":[{"href":"http:\/\/www.rockin-and-rollin.de\/wordpress\/wp-json\/wp\/v2\/posts"}],"about":[{"href":"http:\/\/www.rockin-and-rollin.de\/wordpress\/wp-json\/wp\/v2\/types\/post"}],"author":[{"embeddable":true,"href":"http:\/\/www.rockin-and-rollin.de\/wordpress\/wp-json\/wp\/v2\/users\/1"}],"replies":[{"embeddable":true,"href":"http:\/\/www.rockin-and-rollin.de\/wordpress\/wp-json\/wp\/v2\/comments?post=2829"}],"version-history":[{"count":10,"href":"http:\/\/www.rockin-and-rollin.de\/wordpress\/wp-json\/wp\/v2\/posts\/2829\/revisions"}],"predecessor-version":[{"id":4769,"href":"http:\/\/www.rockin-and-rollin.de\/wordpress\/wp-json\/wp\/v2\/posts\/2829\/revisions\/4769"}],"wp:featuredmedia":[{"embeddable":true,"href":"http:\/\/www.rockin-and-rollin.de\/wordpress\/wp-json\/wp\/v2\/media\/2830"}],"wp:attachment":[{"href":"http:\/\/www.rockin-and-rollin.de\/wordpress\/wp-json\/wp\/v2\/media?parent=2829"}],"wp:term":[{"taxonomy":"category","embeddable":true,"href":"http:\/\/www.rockin-and-rollin.de\/wordpress\/wp-json\/wp\/v2\/categories?post=2829"},{"taxonomy":"post_tag","embeddable":true,"href":"http:\/\/www.rockin-and-rollin.de\/wordpress\/wp-json\/wp\/v2\/tags?post=2829"}],"curies":[{"name":"wp","href":"https:\/\/api.w.org\/{rel}","templated":true}]}}