{"id":1156,"date":"2016-09-16T16:45:36","date_gmt":"2016-09-16T14:45:36","guid":{"rendered":"http:\/\/www.rockin-and-rollin.de\/wordpress\/?p=1156"},"modified":"2017-04-14T00:58:17","modified_gmt":"2017-04-13T22:58:17","slug":"filmkritik-the-outsiders-ii-der-kampf-geht-weiter","status":"publish","type":"post","link":"http:\/\/www.rockin-and-rollin.de\/wordpress\/filmkritik-the-outsiders-ii-der-kampf-geht-weiter\/","title":{"rendered":"Filmkritik: The Outsiders II &#8211; Der Kampf geht weiter"},"content":{"rendered":"<div id=\"pl-1156\"  class=\"panel-layout\" ><div id=\"pg-1156-0\"  class=\"panel-grid panel-no-style\" ><div id=\"pgc-1156-0-0\"  class=\"panel-grid-cell\" ><div id=\"panel-1156-0-0-0\" class=\"so-panel widget widget_text panel-first-child panel-last-child\" data-index=\"0\" >\t\t\t<div class=\"textwidget\"><blockquote><p style=\"text-align: justify;\">Drei Br\u00fcder, Halbstarke, die sich ohne Eltern durchs Leben schlagen, geh\u00f6ren zu einer Stra\u00dfengang, die sich mit den S\u00f6hnen der gutsituierten Nachbarschaft anlegt. Es kommt zu Rivalit\u00e4ten um die Nachfolge des get\u00f6teten Anf\u00fchrers.  <\/p><\/blockquote><\/div>\n\t\t<\/div><\/div><\/div><div id=\"pg-1156-1\"  class=\"panel-grid panel-no-style\" ><div id=\"pgc-1156-1-0\"  class=\"panel-grid-cell\" ><div id=\"panel-1156-1-0-0\" class=\"so-panel widget widget_sow-image panel-first-child\" data-index=\"1\" ><div\n\t\t\t\n\t\t\tclass=\"so-widget-sow-image so-widget-sow-image-default-8b5b6f678277-1156\"\n\t\t\t\n\t\t>\n\n<div class=\"sow-image-container\">\n\t\t<img loading=\"lazy\" decoding=\"async\" src=\"http:\/\/www.rockin-and-rollin.de\/wordpress\/wp-content\/uploads\/2016\/09\/out.jpg\" width=\"744\" height=\"800\" srcset=\"http:\/\/www.rockin-and-rollin.de\/wordpress\/wp-content\/uploads\/2016\/09\/out.jpg 744w, http:\/\/www.rockin-and-rollin.de\/wordpress\/wp-content\/uploads\/2016\/09\/out-279x300.jpg 279w\" sizes=\"(max-width: 744px) 100vw, 744px\" alt=\"\" \t\tclass=\"so-widget-image\"\/>\n\t<\/div>\n\n<\/div><\/div><div id=\"panel-1156-1-0-1\" class=\"so-panel widget widget_text panel-last-child\" data-index=\"2\" ><h3 class=\"widget-title\">The Outsiders II &#8211; Der Kampf geht weiter<\/h3>\t\t\t<div class=\"textwidget\"><p>Originaltitel: THE OUTSIDERS II - THE STRUGGLE CONTINUES<br \/>\nLand, Jahr: USA, 1989<br \/>\nProduktionsfirma: Papazian-Hirsch Entertainment<br \/>\nKinoverleih: Video-\/DVD-Anbieter: CIC<br \/>\nL\u00e4nge: 83 min<br \/>\nFSK: ab 16<br \/>\nErstauff\u00fchrung: 8.8.1990<br \/>\nVideo<br \/>\n<b>erh\u00e4ltlich bei: <a href=\"http:\/\/amzn.to\/2cOY3pI\" target=\"_blank\" rel=\"noopener\">Amazon<\/a><\/b><\/p>\n<\/div>\n\t\t<\/div><\/div><div id=\"pgc-1156-1-1\"  class=\"panel-grid-cell\" ><div id=\"panel-1156-1-1-0\" class=\"so-panel widget widget_text panel-first-child panel-last-child\" data-index=\"3\" ><h3 class=\"widget-title\">Filmkritik von Jens Peter Straus<\/h3>\t\t\t<div class=\"textwidget\"><p style=\"text-align: justify;\">\n\nEinen Film wie DIE OUTSIDER von Francis Ford Coppola muss man nicht vorstellen - der Rock n Roller, die 80er-Jahre-Generation oder die Fans von Cruise, Swayze & Co. kennen den Film in- und auswendig. Man hat mit Ponyboy gebangt, das Johnny wieder gesund wird, mit Two-Bit gelacht oder Dallas Winston wegen seiner Coolness angehimmelt. Am Ende blieben dann leider nur zwei tote Greaser zu beklagen, die Moral von der Geschichte lautete: Gewalt bringt nichts, Klassenunterschiede bleiben und Nothing gold can stay. Entweder man liebt diesen Film oder man findet ihn lahm - ich geh\u00f6re zur ersteren Gruppierung. Die schauspielerische Besetzung ist top, Story ist interessant und sowohl der Score als auch die Songs im Hintergrund (Stay gold von Stevie Wonder oder \"Gloria\" von THEM) bleiben noch lange im Ohr.<br><br>\nAber die Wenigsten wissen, das es einen zweiten Teil von den Outsidern gibt.... Tatsache - im Jahre 1990 kam der US-Sender FOX auf die Idee, das man doch aus dem Outsiders-Thema und seinen Protagonisten eine TV-Serie machen k\u00f6nnte. Der originale Cast war nat\u00fcrlich mittlerweile nicht mehr bezahlbar, somit mussten neue Darsteller her. Es geht nat\u00fcrlich nichts \u00fcbers Original, aber die Neubesetzung mit Boyd Kestner, Rodney Harvey, David Arquette, Jay R. Ferguson und Robert Rusler (einer meiner Lieblings-Schauspieler) ist auf jeden Fall ein w\u00fcrdiger Ersatz. Die Story verl\u00e4uft \u00e4hnlich wie beim Original, der 90 min\u00fctige Pilotfilm wurde bei uns als VHS direct-to-Video bei CIC ver\u00f6ffentlicht: <br>\nNach dem Tod von Dallas hat Darrel die Vormundschaft \u00fcber seine Br\u00fcder Soda Pop und Pony Boy \u00fcbernommen. Der \u00c4rger mit dem Sozialamt l\u00e4\u00dft nicht lange auf sich warten. Nat\u00fcrlich flackert auch die alte Feindschaft zwischen den \"Greasern\" und den \"Socs\", den Kindern der wohlhabenden Wei\u00dfen wieder auf. Die gro\u00dfe Pr\u00fcgelei zwischen den Gangs steht an, Darrel hat allerdings andere Sorgen. Er hat seinen Job verloren und verheimlicht dies lange Zeit aus Stolz und Angst vor seinen Br\u00fcdern.<br><br>\nKommt einem bekannt vor? Ja stimmt, aber als Einf\u00fchrung f\u00fcr die TV-Serie war das nun mal n\u00f6tig, die Story quasi \"noch einmal aufzukochen\". Es blieb \u00fcbrigens nur bei einer Staffel mit 13 Folgen, da der Pilotfilm zwar eine Rekordsumme von 14,1 Millionen Zuschauern einfing, die weiteren Folgen aber untergingen, da zeitgleich die neue Serie MARRIED WITH CHILDREN (bei uns EINE SCHRECKLICH NETTE FAMILIE) an den Start ging und mehr als die H\u00e4lfte der Zuschauer anscheinend lieber eine Comedy-Serie sehen wollte. <br>\nWie auch immer: Die Outsider 2 - Der Kampf geht weiter ist eine gut geratene TV-Fortsetzung des Kult-Hits  \"The Outsiders\" von Francis Ford Coppola.Dieser fungiert bei der vorliegenden Fortsetzung und der damit verbundenen \u00dcberf\u00fchrung in den TV-Serien-Status als ausf\u00fchrender Produzent. Von der Besetzung und der Synchro her ein gut gemachter 2ter Teil. Wer die Gelegenheit hat, sich die Serie anzuschauen, sollte dies tun - leider nicht auf DVD oder BluRay erh\u00e4ltlich und auch nicht in deutscher Sprache, aber definitiv einen Blick wert. Das deutsche VHS-Tape taucht ab und an bei Ebay auf, die Serie ist (zumindest zum Teil) bei Youtube zu bewundern. Definitive Guck-Empfehlung. <\/p><\/div>\n\t\t<\/div><\/div><\/div><\/div>","protected":false},"excerpt":{"rendered":"<p>Drei Br\u00fcder, Halbstarke, die sich ohne Eltern durchs Leben schlagen, geh\u00f6ren zu einer Stra\u00dfengang, die sich mit den S\u00f6hnen der gutsituierten Nachbarschaft anlegt. Es kommt zu Rivalit\u00e4ten um die Nachfolge des get\u00f6teten Anf\u00fchrers. <\/p>\n","protected":false},"author":1,"featured_media":1157,"comment_status":"open","ping_status":"open","sticky":false,"template":"","format":"standard","meta":{"_acf_changed":false,"episode_type":"","audio_file":"","cover_image":"","cover_image_id":"","duration":"","filesize":"","date_recorded":"","explicit":"","block":"","filesize_raw":"","footnotes":""},"categories":[52,406,12],"tags":[401],"acf":[],"_links":{"self":[{"href":"http:\/\/www.rockin-and-rollin.de\/wordpress\/wp-json\/wp\/v2\/posts\/1156"}],"collection":[{"href":"http:\/\/www.rockin-and-rollin.de\/wordpress\/wp-json\/wp\/v2\/posts"}],"about":[{"href":"http:\/\/www.rockin-and-rollin.de\/wordpress\/wp-json\/wp\/v2\/types\/post"}],"author":[{"embeddable":true,"href":"http:\/\/www.rockin-and-rollin.de\/wordpress\/wp-json\/wp\/v2\/users\/1"}],"replies":[{"embeddable":true,"href":"http:\/\/www.rockin-and-rollin.de\/wordpress\/wp-json\/wp\/v2\/comments?post=1156"}],"version-history":[{"count":9,"href":"http:\/\/www.rockin-and-rollin.de\/wordpress\/wp-json\/wp\/v2\/posts\/1156\/revisions"}],"predecessor-version":[{"id":4778,"href":"http:\/\/www.rockin-and-rollin.de\/wordpress\/wp-json\/wp\/v2\/posts\/1156\/revisions\/4778"}],"wp:featuredmedia":[{"embeddable":true,"href":"http:\/\/www.rockin-and-rollin.de\/wordpress\/wp-json\/wp\/v2\/media\/1157"}],"wp:attachment":[{"href":"http:\/\/www.rockin-and-rollin.de\/wordpress\/wp-json\/wp\/v2\/media?parent=1156"}],"wp:term":[{"taxonomy":"category","embeddable":true,"href":"http:\/\/www.rockin-and-rollin.de\/wordpress\/wp-json\/wp\/v2\/categories?post=1156"},{"taxonomy":"post_tag","embeddable":true,"href":"http:\/\/www.rockin-and-rollin.de\/wordpress\/wp-json\/wp\/v2\/tags?post=1156"}],"curies":[{"name":"wp","href":"https:\/\/api.w.org\/{rel}","templated":true}]}}