{"id":10854,"date":"2023-10-26T17:44:35","date_gmt":"2023-10-26T15:44:35","guid":{"rendered":"http:\/\/www.rockin-and-rollin.de\/wordpress\/?p=10854"},"modified":"2023-10-26T17:44:35","modified_gmt":"2023-10-26T15:44:35","slug":"rockin-and-rollin-band-3","status":"publish","type":"post","link":"http:\/\/www.rockin-and-rollin.de\/wordpress\/rockin-and-rollin-band-3\/","title":{"rendered":"rockin&#8216; and rollin&#8216; Band 3: Let&#8217;s go jetzt erschienen!"},"content":{"rendered":"<div id=\"pl-10854\"  class=\"panel-layout\" ><div id=\"pg-10854-0\"  class=\"panel-grid panel-no-style\" ><div id=\"pgc-10854-0-0\"  class=\"panel-grid-cell\" ><div id=\"panel-10854-0-0-0\" class=\"so-panel widget widget_sow-image panel-first-child\" data-index=\"0\" ><div\n\t\t\t\n\t\t\tclass=\"so-widget-sow-image so-widget-sow-image-default-8b5b6f678277-10854\"\n\t\t\t\n\t\t>\n\n<div class=\"sow-image-container\">\n\t\t<img loading=\"lazy\" decoding=\"async\" src=\"http:\/\/www.rockin-and-rollin.de\/wordpress\/wp-content\/uploads\/2023\/10\/cover-ebook-scaled.jpg\" width=\"1694\" height=\"2560\" srcset=\"http:\/\/www.rockin-and-rollin.de\/wordpress\/wp-content\/uploads\/2023\/10\/cover-ebook-scaled.jpg 1694w, http:\/\/www.rockin-and-rollin.de\/wordpress\/wp-content\/uploads\/2023\/10\/cover-ebook-198x300.jpg 198w, http:\/\/www.rockin-and-rollin.de\/wordpress\/wp-content\/uploads\/2023\/10\/cover-ebook-677x1024.jpg 677w, http:\/\/www.rockin-and-rollin.de\/wordpress\/wp-content\/uploads\/2023\/10\/cover-ebook-768x1161.jpg 768w, http:\/\/www.rockin-and-rollin.de\/wordpress\/wp-content\/uploads\/2023\/10\/cover-ebook-1016x1536.jpg 1016w, http:\/\/www.rockin-and-rollin.de\/wordpress\/wp-content\/uploads\/2023\/10\/cover-ebook-1355x2048.jpg 1355w, http:\/\/www.rockin-and-rollin.de\/wordpress\/wp-content\/uploads\/2023\/10\/cover-ebook-200x302.jpg 200w\" sizes=\"(max-width: 1694px) 100vw, 1694px\" title=\"cover-ebook\" alt=\"\" \t\tclass=\"so-widget-image\"\/>\n\t<\/div>\n\n<\/div><\/div><div id=\"panel-10854-0-0-1\" class=\"so-panel widget widget_sow-editor panel-last-child\" data-index=\"1\" ><div\n\t\t\t\n\t\t\tclass=\"so-widget-sow-editor so-widget-sow-editor-base\"\n\t\t\t\n\t\t>\n<div class=\"siteorigin-widget-tinymce textwidget\">\n\t<p><strong>Band 3: Let's go<\/strong><br \/>\nTaschenbuch: 203 Seiten<br \/>\nVerlag: Independently published<br \/>\n(25. Oktober 2023)<br \/>\nSprache: Deutsch<br \/>\nISBN-13: 979-8865122692<br \/>\n<strong>erh\u00e4ltlich bei: <a href=\"https:\/\/amzn.to\/3Fz7PXI\" rel=\"noopener\" target=\"_blank\">Amazon<\/a><\/strong><\/p>\n<\/div>\n<\/div><\/div><\/div><div id=\"pgc-10854-0-1\"  class=\"panel-grid-cell\" ><div id=\"panel-10854-0-1-0\" class=\"so-panel widget widget_sow-editor panel-first-child panel-last-child\" data-index=\"2\" ><div\n\t\t\t\n\t\t\tclass=\"so-widget-sow-editor so-widget-sow-editor-base\"\n\t\t\t\n\t\t>\n<div class=\"siteorigin-widget-tinymce textwidget\">\n\t<p style=\"text-align: justify;\">W\u00e4hrend der Coronazeit ging nichts mehr. Die Kulturbranche stand still. Keine Auftritte, keine Events \u2013 nichts ging mehr. Eine Zeit, um sich auf sich selber zu konzentrieren, neue Wege zu finden und eigene Wege neu zu definieren. Nun geht es langsam wieder los. Aber die Basis hat sich durch die Coronazeit ge\u00e4ndert. Die Menschen entscheiden spontaner, zu welchen Events sie gehen oder nicht. Die Zeit der gro\u00dfen Vorverk\u00e4ufe f\u00fcr Veranstaltungen ist vorbei und viele Veranstalter k\u00e4mpfen mit dieser neuen Situation. Sollen sie das Event stattfinden lassen oder doch anhand der schlechten Vorverkaufszahlen die Veranstaltung canceln, bevor sie finanziell in die Verluste gehen. Eine schwierige Situation. Ich hoffe sehr, dass es zuk\u00fcnftig wieder besser f\u00fcr alle kalkulierbar wird. In diesem Band \u00bbLet\u2019s go\u00ab gibt es einen kleinen Einblick in die musikalische Vielfalt der deutschen Rock\u2019n\u2019Roll Szene. Dazu eine Kurzgeschichte von Daniel Wegehaupt und eine Vorstellung zu einigen szenenahen Unternehmen. Letzteres ist mir pers\u00f6nlich wichtig, da es Menschen sind, die eine Idee haben, an ihrer Idee glauben und mit viel harter Arbeit ihre Idee verwirklichen.<\/p>\n<p><strong>Inhalt:<\/strong><\/p>\n<p>- The Dukes of T\u0133uana \u2013 Don\u2019t Cry, Just Drink!<br \/>\n- Road Rodeo \u2013 Back to the Roads<br \/>\n- Stephan Griebel \u2013 Seine Solo-Projekte<br \/>\n- Nano Barbero \u2013 Rockabilly Kunst aus Spanien<br \/>\n- Eddy and the Backfires \u2013 Let\u2019s get wild<br \/>\n- Chrome Hunters Hamburg \u2013 US-Cars, Hot Rods und Classic Cars<br \/>\n- Lou Cifer And The Hellions \u2013 Dance of the Teddy Boy<br \/>\n- Popperlilly - (Autor: Daniel Wegehaupt)<br \/>\n- The Lunatics \u2013 Rock\u2019n\u2019Roll muss laut sein!<br \/>\n- Rockaphoto \u2013 Das perfekte Foto<br \/>\n- Mad Guz & the Mojos \u2013 Rough Rolling Blues<br \/>\n- Rhythm Bomb Records \u2013 20 Jahre Rhythm Bomb Records<br \/>\n- The Young and Wild Ones \u2013 Die jungen Wilden<\/p>\n<p>Viel Spa\u00df beim Lesen!<\/p>\n<\/div>\n<\/div><\/div><\/div><\/div><\/div>","protected":false},"excerpt":{"rendered":"<p>W\u00e4hrend der Coronazeit ging nichts mehr. Die Kulturbranche stand still. Keine Auftritte, keine Events \u2013 nichts ging mehr. Eine Zeit, um sich auf sich selber zu konzentrieren, neue Wege zu finden und eigene Wege neu zu definieren. Nun geht es langsam wieder los. Aber die Basis hat sich durch die Coronazeit ge\u00e4ndert. Die Menschen entscheiden spontaner, zu welchen Events sie gehen oder nicht. Die Zeit der gro\u00dfen Vorverk\u00e4ufe f\u00fcr Veranstaltungen ist vorbei und viele Veranstalter k\u00e4mpfen mit dieser neuen Situation. Sollen sie das Event stattfinden lassen oder doch anhand der schlechten Vorverkaufszahlen die Veranstaltung canceln, bevor sie finanziell in die Verluste gehen. Eine schwierige Situation. Ich hoffe sehr, dass es zuk\u00fcnftig wieder besser f\u00fcr alle kalkulierbar wird. In diesem Band \u00bbLet\u2019s go\u00ab gibt es einen kleinen Einblick in die musikalische Vielfalt der deutschen Rock\u2019n\u2019Roll Szene. Dazu eine Kurzgeschichte von Daniel Wegehaupt und eine Vorstellung zu einigen szenenahen Unternehmen. Letzteres ist mir pers\u00f6nlich wichtig, da es Menschen sind, die eine Idee haben, an ihrer Idee glauben und mit viel harter Arbeit ihre Idee verwirklichen.<\/p>\n","protected":false},"author":1,"featured_media":10851,"comment_status":"closed","ping_status":"open","sticky":false,"template":"","format":"standard","meta":{"_acf_changed":false,"episode_type":"","audio_file":"","cover_image":"","cover_image_id":"","duration":"","filesize":"","date_recorded":"","explicit":"","block":"","filesize_raw":"","footnotes":""},"categories":[12,384],"tags":[455],"acf":[],"_links":{"self":[{"href":"http:\/\/www.rockin-and-rollin.de\/wordpress\/wp-json\/wp\/v2\/posts\/10854"}],"collection":[{"href":"http:\/\/www.rockin-and-rollin.de\/wordpress\/wp-json\/wp\/v2\/posts"}],"about":[{"href":"http:\/\/www.rockin-and-rollin.de\/wordpress\/wp-json\/wp\/v2\/types\/post"}],"author":[{"embeddable":true,"href":"http:\/\/www.rockin-and-rollin.de\/wordpress\/wp-json\/wp\/v2\/users\/1"}],"replies":[{"embeddable":true,"href":"http:\/\/www.rockin-and-rollin.de\/wordpress\/wp-json\/wp\/v2\/comments?post=10854"}],"version-history":[{"count":2,"href":"http:\/\/www.rockin-and-rollin.de\/wordpress\/wp-json\/wp\/v2\/posts\/10854\/revisions"}],"predecessor-version":[{"id":10856,"href":"http:\/\/www.rockin-and-rollin.de\/wordpress\/wp-json\/wp\/v2\/posts\/10854\/revisions\/10856"}],"wp:featuredmedia":[{"embeddable":true,"href":"http:\/\/www.rockin-and-rollin.de\/wordpress\/wp-json\/wp\/v2\/media\/10851"}],"wp:attachment":[{"href":"http:\/\/www.rockin-and-rollin.de\/wordpress\/wp-json\/wp\/v2\/media?parent=10854"}],"wp:term":[{"taxonomy":"category","embeddable":true,"href":"http:\/\/www.rockin-and-rollin.de\/wordpress\/wp-json\/wp\/v2\/categories?post=10854"},{"taxonomy":"post_tag","embeddable":true,"href":"http:\/\/www.rockin-and-rollin.de\/wordpress\/wp-json\/wp\/v2\/tags?post=10854"}],"curies":[{"name":"wp","href":"https:\/\/api.w.org\/{rel}","templated":true}]}}