{"id":10680,"date":"2023-06-11T13:47:05","date_gmt":"2023-06-11T11:47:05","guid":{"rendered":"http:\/\/www.rockin-and-rollin.de\/wordpress\/?p=10680"},"modified":"2023-06-11T13:48:13","modified_gmt":"2023-06-11T11:48:13","slug":"eine-grenzstadt-steht-kopf-feel-the-50s-in-venlo","status":"publish","type":"post","link":"http:\/\/www.rockin-and-rollin.de\/wordpress\/eine-grenzstadt-steht-kopf-feel-the-50s-in-venlo\/","title":{"rendered":"Eine Grenzstadt steht Kopf \u2013 Feel the 50\u00b4s in Venlo"},"content":{"rendered":"<div id=\"pl-10680\"  class=\"panel-layout\" ><div id=\"pg-10680-0\"  class=\"panel-grid panel-no-style\" ><div id=\"pgc-10680-0-0\"  class=\"panel-grid-cell\" ><div id=\"panel-10680-0-0-0\" class=\"so-panel widget widget_text panel-first-child panel-last-child\" data-index=\"0\" ><div class=\"panel-widget-style panel-widget-style-for-10680-0-0-0\" >\t\t\t<div class=\"textwidget\"><blockquote><p>Zum wiederholten Male hat am 3. Wochenende im Mai das \u201eFeel the 50\u00b4s\u201c Wochenende in Venlo stattgefunden. Leider diesmal parallel zum Walldorf Festival. Und wieder einmal traf man sich grenz\u00fcbergreifend aus Deutschland und den Niederlanden, um dieses wundervolle Festival zu feiern. Aber was ist jetzt so Besonderes an dem Spektakel?<\/p><\/blockquote>\n<\/div>\n\t\t<\/div><\/div><\/div><\/div><div id=\"pg-10680-1\"  class=\"panel-grid panel-no-style\" ><div id=\"pgc-10680-1-0\"  class=\"panel-grid-cell\" ><div id=\"panel-10680-1-0-0\" class=\"so-panel widget widget_media_image panel-first-child panel-last-child\" data-index=\"1\" ><img loading=\"lazy\" decoding=\"async\" width=\"2048\" height=\"1536\" src=\"http:\/\/www.rockin-and-rollin.de\/wordpress\/wp-content\/uploads\/2023\/06\/IMG-20230607-WA0002.jpg\" class=\"image wp-image-10685  attachment-full size-full\" alt=\"\" style=\"max-width: 100%; height: auto;\" srcset=\"http:\/\/www.rockin-and-rollin.de\/wordpress\/wp-content\/uploads\/2023\/06\/IMG-20230607-WA0002.jpg 2048w, http:\/\/www.rockin-and-rollin.de\/wordpress\/wp-content\/uploads\/2023\/06\/IMG-20230607-WA0002-300x225.jpg 300w, http:\/\/www.rockin-and-rollin.de\/wordpress\/wp-content\/uploads\/2023\/06\/IMG-20230607-WA0002-1024x768.jpg 1024w, http:\/\/www.rockin-and-rollin.de\/wordpress\/wp-content\/uploads\/2023\/06\/IMG-20230607-WA0002-768x576.jpg 768w, http:\/\/www.rockin-and-rollin.de\/wordpress\/wp-content\/uploads\/2023\/06\/IMG-20230607-WA0002-1536x1152.jpg 1536w, http:\/\/www.rockin-and-rollin.de\/wordpress\/wp-content\/uploads\/2023\/06\/IMG-20230607-WA0002-200x150.jpg 200w\" sizes=\"(max-width: 2048px) 100vw, 2048px\" \/><\/div><\/div><div id=\"pgc-10680-1-1\"  class=\"panel-grid-cell\" ><div id=\"panel-10680-1-1-0\" class=\"so-panel widget widget_text panel-first-child panel-last-child\" data-index=\"2\" >\t\t\t<div class=\"textwidget\"><p>von Kirsten Schmitz<\/p>\n<p>Nun, zum einen ist der Eintritt zum abgesperrten Festivalgel\u00e4nde kostenlos. Im Nolenspark, direkt am Eingang der Einkaufsstra\u00dfe Venlos, kann also jeder\/jede ein- und ausgehen. Hier tummeln sich Interessierte, Neugierige, alte Hasen, T\u00e4nzer und Nichtt\u00e4nzer gleicherma\u00dfen.<br \/>\nZum anderen wird das Festivalgel\u00e4nde traditionell kurzerhand zum Family-Happening inkl. Familienausflug mit Kind und Kegel. Kids tollen fr\u00f6hlich herum, lernen Musik und eben das \u201eFeeling der 50\u00b4s\u201c ganz zwanglos kennen. Ein Barbershop stylte die Besucher, die Klamottenshops hielten viele Angebote f\u00fcr die ganze Familie bereit und der S\u00fc\u00dfigkeitenwagen inkl. Eisstand durfte nat\u00fcrlich auch nicht fehlen. Etwas schade fand ich allerdings, dass solch gro\u00dfe L\u00e4den wie Succubus nicht vertreten waren.<br \/>\nNeben den Non-Food-St\u00e4nden fanden sich nat\u00fcrlich auch Getr\u00e4nke und Food-Pavillions auf dem Festivalplatz. Dieses Jahr gab es keine Einwegbecher mehr, sondern man setze auf Nachhaltigkeit mit Mehrweg. Und das war wirklich super organisiert. Einmal Becher kaufen, Getr\u00e4nke holen, genie\u00dfen und beim n\u00e4chsten Mal wurde der Becher nicht wieder bef\u00fcllt, sondern man erhielt direkt einen neuen mit dem gew\u00fcnschten Getr\u00e4nk. Dadurch entstanden keine langen Warteschlangen.<\/p>\n<\/div>\n\t\t<\/div><\/div><\/div><div id=\"pg-10680-2\"  class=\"panel-grid panel-no-style\" ><div id=\"pgc-10680-2-0\"  class=\"panel-grid-cell\" ><div id=\"panel-10680-2-0-0\" class=\"so-panel widget widget_text panel-first-child panel-last-child\" data-index=\"3\" >\t\t\t<div class=\"textwidget\"><p>Nach der Opening-Party am Freitag, begann das Programm bereits Samstag und Sonntag mittags &#8211; und ging nat\u00fcrlich bis in die Nacht\u2013.<br \/>\nDaher ist die Innenstadt von Venlo stets eine willkommene Abwechslung f\u00fcr viele Besucher, um ein bisschen Ruhe zu tanken. Aber auch hier ist man auf das Festival eingestimmt. Diverse Restaurants und Shops halten extra Angebot f\u00fcr die Besucher bereit. Einen entsprechenden Stadtplan kann man sich im Vorfeld beim Veranstalter downloaden. Eine kleine Parallele zum Elvis-Festival in Bad Nauenheim l\u00e4sst sich nicht leugnen, die gesamte Stadt ist eben im 50\u00b4s-Feeling.<br \/>\nMusikalisch gab es Dauerbeschallung entweder durch DJ\u00b4s, die Ihren Job einfach toll gemacht haben, oder durch Live-Bands. Auch hier war f\u00fcr jeden Geschmack etwas dabei, wenn auch anf\u00e4nglich etwas wackelig was das Timing oder Bands oder die Technik anging.<br \/>\nEine kleine Auswahl: The Jackson Sloan, The Comet Combo, The 4 Candles, The Junco Shakers und viele, viele mehr\u2026<br \/>\nEine Neuerung dieses Jahr: Die Oldtimer zum Sonntag wurden nicht direkt auf oder am Festivalgel\u00e4nde geparkt. Ca. 400 m weiter Richtung Maas war ein eigenes Areal abgesperrt. Hier konnten Chrome und Blech auf Hochglanz besichtigt werden. Die Idee war nett, hat aber ein bisschen das Gesamtfeeling zerrissen.<\/p>\n<\/div>\n\t\t<\/div><\/div><\/div><div id=\"pg-10680-3\"  class=\"panel-grid panel-no-style\" ><div id=\"pgc-10680-3-0\"  class=\"panel-grid-cell\" ><div id=\"panel-10680-3-0-0\" class=\"so-panel widget widget_media_image panel-first-child panel-last-child\" data-index=\"4\" ><img loading=\"lazy\" decoding=\"async\" width=\"2048\" height=\"1536\" src=\"http:\/\/www.rockin-and-rollin.de\/wordpress\/wp-content\/uploads\/2023\/06\/IMG-20230607-WA0003.jpg\" class=\"image wp-image-10686  attachment-full size-full\" alt=\"\" style=\"max-width: 100%; height: auto;\" srcset=\"http:\/\/www.rockin-and-rollin.de\/wordpress\/wp-content\/uploads\/2023\/06\/IMG-20230607-WA0003.jpg 2048w, http:\/\/www.rockin-and-rollin.de\/wordpress\/wp-content\/uploads\/2023\/06\/IMG-20230607-WA0003-300x225.jpg 300w, http:\/\/www.rockin-and-rollin.de\/wordpress\/wp-content\/uploads\/2023\/06\/IMG-20230607-WA0003-1024x768.jpg 1024w, http:\/\/www.rockin-and-rollin.de\/wordpress\/wp-content\/uploads\/2023\/06\/IMG-20230607-WA0003-768x576.jpg 768w, http:\/\/www.rockin-and-rollin.de\/wordpress\/wp-content\/uploads\/2023\/06\/IMG-20230607-WA0003-1536x1152.jpg 1536w, http:\/\/www.rockin-and-rollin.de\/wordpress\/wp-content\/uploads\/2023\/06\/IMG-20230607-WA0003-200x150.jpg 200w\" sizes=\"(max-width: 2048px) 100vw, 2048px\" \/><\/div><\/div><div id=\"pgc-10680-3-1\"  class=\"panel-grid-cell\" ><div id=\"panel-10680-3-1-0\" class=\"so-panel widget widget_text panel-first-child panel-last-child\" data-index=\"5\" >\t\t\t<div class=\"textwidget\"><p>Besucher-Parkplatzm\u00f6glichkeiten finden sich rund um die Innenstadt zahlreich in den Parkh\u00e4usern oder auf den Parkpl\u00e4tzen. Tageskarten gibt es schon ab 14 Euro.<br \/>\nInsgesamt war das Festival bunt, laut, wild und fr\u00f6hlich. Es musste nicht immer der Petticoat sein, gerne wurde auch einfach in Jeans getanzt, die Haare flogen wild und der Spa\u00df stand an erster Stelle. Tiki-Kleider, gro\u00dfe Blumen, viel Pomade und ebenso viele fr\u00f6hliche Gesichter machten das \u201eFeeling der 50\u00b4s\u201c aus.<br \/>\nAuff\u00e4llig war, dass die Altersspanne der Besucher von ganz jung bis hin ins hohe Alter war, was das Ganze umso sch\u00f6ner machte. Ein Miteinander mit tollen Menschen und wundervollen Bildern voll Lebensfreude, so wie es sein soll!<br \/>\nWer also noch nicht da war: Schaut es Euch an, es lohnt sich.<br \/>\nWer schon da war: Wir sehen uns n\u00e4chstes Jahr!<\/p>\n<p><a href=\"https:\/\/www.feelthe50s.com\/\" target=\"_blank\" rel=\"noopener\">https:\/\/www.feelthe50s.com\/<\/a><\/p>\n<\/div>\n\t\t<\/div><\/div><\/div><\/div>","protected":false},"excerpt":{"rendered":"<p>Zum wiederholten Male hat am 3. Wochenende im Mai das \u201eFeel the 50\u00b4s\u201c Wochenende in Venlo stattgefunden. Leider diesmal parallel zum Walldorf Festival. Und wieder einmal traf man sich grenz\u00fcbergreifend aus Deutschland und den Niederlanden, um dieses wundervolle Festival zu feiern. Aber was ist jetzt so Besonderes an dem Spektakel?<\/p>\n","protected":false},"author":1,"featured_media":10683,"comment_status":"closed","ping_status":"closed","sticky":false,"template":"","format":"standard","meta":{"_acf_changed":false,"episode_type":"","audio_file":"","cover_image":"","cover_image_id":"","duration":"","filesize":"","date_recorded":"","explicit":"","block":"","filesize_raw":"","footnotes":""},"categories":[16,503,6,8,504],"tags":[505,517],"acf":[],"_links":{"self":[{"href":"http:\/\/www.rockin-and-rollin.de\/wordpress\/wp-json\/wp\/v2\/posts\/10680"}],"collection":[{"href":"http:\/\/www.rockin-and-rollin.de\/wordpress\/wp-json\/wp\/v2\/posts"}],"about":[{"href":"http:\/\/www.rockin-and-rollin.de\/wordpress\/wp-json\/wp\/v2\/types\/post"}],"author":[{"embeddable":true,"href":"http:\/\/www.rockin-and-rollin.de\/wordpress\/wp-json\/wp\/v2\/users\/1"}],"replies":[{"embeddable":true,"href":"http:\/\/www.rockin-and-rollin.de\/wordpress\/wp-json\/wp\/v2\/comments?post=10680"}],"version-history":[{"count":10,"href":"http:\/\/www.rockin-and-rollin.de\/wordpress\/wp-json\/wp\/v2\/posts\/10680\/revisions"}],"predecessor-version":[{"id":10694,"href":"http:\/\/www.rockin-and-rollin.de\/wordpress\/wp-json\/wp\/v2\/posts\/10680\/revisions\/10694"}],"wp:featuredmedia":[{"embeddable":true,"href":"http:\/\/www.rockin-and-rollin.de\/wordpress\/wp-json\/wp\/v2\/media\/10683"}],"wp:attachment":[{"href":"http:\/\/www.rockin-and-rollin.de\/wordpress\/wp-json\/wp\/v2\/media?parent=10680"}],"wp:term":[{"taxonomy":"category","embeddable":true,"href":"http:\/\/www.rockin-and-rollin.de\/wordpress\/wp-json\/wp\/v2\/categories?post=10680"},{"taxonomy":"post_tag","embeddable":true,"href":"http:\/\/www.rockin-and-rollin.de\/wordpress\/wp-json\/wp\/v2\/tags?post=10680"}],"curies":[{"name":"wp","href":"https:\/\/api.w.org\/{rel}","templated":true}]}}